{"id":5444,"date":"2026-03-27T11:54:03","date_gmt":"2026-03-27T10:54:03","guid":{"rendered":"https:\/\/www.dz-livno.com\/?p=5444"},"modified":"2026-03-27T11:54:03","modified_gmt":"2026-03-27T10:54:03","slug":"obiljezavanje-svjetskog-dana-zdravlja-3","status":"publish","type":"post","link":"https:\/\/www.dz-livno.com\/?p=5444","title":{"rendered":"Obilje\u017eavanje Svjetskog dana zdravlja"},"content":{"rendered":"<div><\/div>\n<div>Svjetski dan zdravlja slavi se 7. travnja svake godine a obilje\u017eit \u0107e se provedbom projektnih aktivnosti u vremenu od 31.03.-08.04.2026. godine.<\/div>\n<div><\/div>\n<div><\/div>\n<div>Dom zdravlja Livno zajedno sa Gradom Livno zajedno je jedan od\u00a0 dvadeset i pet jedinica lokalne samouprave u kojoj se provodi projekt \u201eZdrave zajednice u BiH\u201c.<\/div>\n<div><\/div>\n<div><\/div>\n<div>Projekt je inicijativa Federalnog ministarstva zdravstva i Ministarstva zdravlja i socijalne za\u0161tite Republike Srpske a provodi ga Institut za populaciju i razvoj uz financiranje \u0160vicarske Vlade.<\/div>\n<div><\/div>\n<div><\/div>\n<div>\n<div dir=\"auto\">Planiranim aktivnostima \u017eelimo ukazati na rizike po zdravlje stanovni\u0161tva u na\u0161oj zajednici, na osnovu izra\u0111enoga zdravstvenoga profila. U narednom periodu nastojati \u0107emo\u00a0 provoditi usluge promocije zdravlja i prevencije bolesti\u00a0 u skladu sa novim zakonskim odredbama, kroz promotivno preventivnu slu\u017ebu u Domu zdravlja Livno.<\/div>\n<div dir=\"auto\"><\/div>\n<div dir=\"auto\"><\/div>\n<div dir=\"auto\">Nadamo se da \u0107emo ovim aktivnostima potaknuti gra\u0111ane na promjenu \u017eivotnog stila u svrhu prevencije nezaraznih oboljenja kako bismo svi zajedno \u017eivjeli u zdravoj zajednici.<\/div>\n<div dir=\"auto\"><\/div>\n<div dir=\"auto\"><\/div>\n<div dir=\"auto\"><a href=\"https:\/\/www.swissinbih.ba\/ba\/project\/102\/zdrave-zajednice-u-bosni-i-hercegovini\" target=\"_blank\" rel=\"noopener\" data-saferedirecturl=\"https:\/\/www.google.com\/url?q=https:\/\/www.swissinbih.ba\/ba\/project\/102\/zdrave-zajednice-u-bosni-i-hercegovini&amp;source=gmail&amp;ust=1774684351984000&amp;usg=AOvVaw25D4Ihj_Azx_4dvABx8M-U\">https:\/\/www.swissinbih.ba\/ba\/<wbr \/>project\/102\/zdrave-zajednice-<wbr \/>u-bosni-i-hercegovini<\/a><\/div>\n<\/div>\n<div dir=\"auto\"><\/div>\n<div>\n<div dir=\"auto\"><a href=\"https:\/\/www.dz-livno.com\/wp-content\/uploads\/2026\/03\/unnamed.jpg\"><img loading=\"lazy\" decoding=\"async\" class=\"alignnone size-medium wp-image-5445\" src=\"https:\/\/www.dz-livno.com\/wp-content\/uploads\/2026\/03\/unnamed-212x300.jpg\" alt=\"\" width=\"212\" height=\"300\" srcset=\"https:\/\/www.dz-livno.com\/wp-content\/uploads\/2026\/03\/unnamed-212x300.jpg 212w, https:\/\/www.dz-livno.com\/wp-content\/uploads\/2026\/03\/unnamed-724x1024.jpg 724w, https:\/\/www.dz-livno.com\/wp-content\/uploads\/2026\/03\/unnamed-768x1087.jpg 768w, https:\/\/www.dz-livno.com\/wp-content\/uploads\/2026\/03\/unnamed-1085x1536.jpg 1085w, https:\/\/www.dz-livno.com\/wp-content\/uploads\/2026\/03\/unnamed.jpg 1447w\" sizes=\"auto, (max-width: 212px) 100vw, 212px\" \/><\/a><\/div>\n<\/div>\n","protected":false},"excerpt":{"rendered":"<p>Svjetski dan zdravlja slavi se 7. travnja svake godine a obilje\u017eit \u0107e se provedbom projektnih aktivnosti u vremenu od 31.03.-08.04.2026. godine. Dom zdravlja Livno zajedno sa Gradom Livno zajedno je jedan od\u00a0 dvadeset i pet jedinica lokalne samouprave u kojoj se provodi projekt \u201eZdrave zajednice u BiH\u201c. Projekt je inicijativa Federalnog ministarstva zdravstva i Ministarstva<\/p>\n","protected":false},"author":2,"featured_media":5280,"comment_status":"closed","ping_status":"open","sticky":false,"template":"","format":"standard","meta":{"footnotes":""},"categories":[12],"tags":[],"class_list":["post-5444","post","type-post","status-publish","format-standard","has-post-thumbnail","hentry","category-oglasi-i-tenderi"],"_links":{"self":[{"href":"https:\/\/www.dz-livno.com\/index.php?rest_route=\/wp\/v2\/posts\/5444","targetHints":{"allow":["GET"]}}],"collection":[{"href":"https:\/\/www.dz-livno.com\/index.php?rest_route=\/wp\/v2\/posts"}],"about":[{"href":"https:\/\/www.dz-livno.com\/index.php?rest_route=\/wp\/v2\/types\/post"}],"author":[{"embeddable":true,"href":"https:\/\/www.dz-livno.com\/index.php?rest_route=\/wp\/v2\/users\/2"}],"replies":[{"embeddable":true,"href":"https:\/\/www.dz-livno.com\/index.php?rest_route=%2Fwp%2Fv2%2Fcomments&post=5444"}],"version-history":[{"count":2,"href":"https:\/\/www.dz-livno.com\/index.php?rest_route=\/wp\/v2\/posts\/5444\/revisions"}],"predecessor-version":[{"id":5447,"href":"https:\/\/www.dz-livno.com\/index.php?rest_route=\/wp\/v2\/posts\/5444\/revisions\/5447"}],"wp:featuredmedia":[{"embeddable":true,"href":"https:\/\/www.dz-livno.com\/index.php?rest_route=\/wp\/v2\/media\/5280"}],"wp:attachment":[{"href":"https:\/\/www.dz-livno.com\/index.php?rest_route=%2Fwp%2Fv2%2Fmedia&parent=5444"}],"wp:term":[{"taxonomy":"category","embeddable":true,"href":"https:\/\/www.dz-livno.com\/index.php?rest_route=%2Fwp%2Fv2%2Fcategories&post=5444"},{"taxonomy":"post_tag","embeddable":true,"href":"https:\/\/www.dz-livno.com\/index.php?rest_route=%2Fwp%2Fv2%2Ftags&post=5444"}],"curies":[{"name":"wp","href":"https:\/\/api.w.org\/{rel}","templated":true}]}}